{"id":999,"date":"2023-10-01T15:52:34","date_gmt":"2023-10-01T14:52:34","guid":{"rendered":"https:\/\/mirfrance.org\/MIR\/?p=999"},"modified":"2023-10-01T15:52:36","modified_gmt":"2023-10-01T14:52:36","slug":"cahiers-de-la-reconciliation-n-2-2023","status":"publish","type":"post","link":"https:\/\/mirfrance.org\/MIR\/cahiers-de-la-reconciliation-n-2-2023\/","title":{"rendered":"Cahiers de la R\u00e9conciliation n\u00b0 2-2023"},"content":{"rendered":"\n<p>Le num\u00e9ro 2-2023 des\u00a0<em>Cahiers de la R\u00e9conciliation<\/em>\u00a0vient de para\u00eetre.<\/p>\n\n\n\n<p>Son\u00a0<strong>dossier<\/strong>\u00a0traite des <strong>enjeux pour la sauvegarde de la Cr\u00e9ation<\/strong>. Il r\u00e9unit diff\u00e9rents textes autour de l&rsquo;\u00e9cologie humaine int\u00e9grale, qui montrent les liens qui existent entre la destruction de la nature, les injustices \u00e9conomiques et sociales, et les conflits arm\u00e9s. Ces liens, multiples et complexes, se retrouvent sur tous les continents et ils mobilisent l&rsquo;attention d&rsquo;organisations diverses et des \u00c9glises chr\u00e9tiennes.<\/p>\n\n\n\n<p>La partie \u00ab\u00a0Magazine\u00a0\u00bb fait le point sur le <strong>Service National Universel<\/strong> (SNU) et la mobilisation contre son caract\u00e8re obligatoire. Le pasteur Robert Philipoussi conduit notre r\u00e9flexion sur le service et l&rsquo;obligation \u00e0 partir d&rsquo;un passage de l&rsquo;\u00e9p\u00eetre aux Galates.<br>Chantal de La Forge pr\u00e9sente les rencontres organis\u00e9es \u00e0 l&rsquo;occasion du <strong>centenaire du MIR<\/strong> en juin dernier \u00e0 Paris. Un hommage \u00e0 <strong>Jacques Gaillot<\/strong> et une recension du livre de Patrick Cabanel sur <strong>Mireille Philip<\/strong>, figure du MIR avec son mari Andr\u00e9, compl\u00e8tent ce num\u00e9ro.<\/p>\n\n\n\n<p><strong>Ce num\u00e9ro peut \u00eatre command\u00e9 aupr\u00e8s du secr\u00e9tariat<\/strong>\u00a0et vous \u00eatre envoy\u00e9 sous forme \u00e9lectronique ou papier.<\/p>\n\n\n\n\n\n<figure class=\"wp-block-image size-full\"><a href=\"https:\/\/mirfrance.org\/MIR\/wp-content\/uploads\/2023\/10\/Cahiers-de-la-Reconciliation-2-2023-couv-4.png\"><img loading=\"lazy\" decoding=\"async\" width=\"673\" height=\"951\" src=\"https:\/\/mirfrance.org\/MIR\/wp-content\/uploads\/2023\/10\/Cahiers-de-la-Reconciliation-2-2023-couv-4.png\" alt=\"\" class=\"wp-image-1001\" srcset=\"https:\/\/mirfrance.org\/MIR\/wp-content\/uploads\/2023\/10\/Cahiers-de-la-Reconciliation-2-2023-couv-4.png 673w, https:\/\/mirfrance.org\/MIR\/wp-content\/uploads\/2023\/10\/Cahiers-de-la-Reconciliation-2-2023-couv-4-212x300.png 212w\" sizes=\"auto, (max-width: 673px) 100vw, 673px\" \/><\/a><\/figure>\n","protected":false},"excerpt":{"rendered":"<p>Le num\u00e9ro 2-2023 des\u00a0Cahiers de la R\u00e9conciliation\u00a0vient de para\u00eetre. Son\u00a0dossier\u00a0traite des enjeux pour la sauvegarde de la Cr\u00e9ation. Il r\u00e9unit diff\u00e9rents textes autour de l&rsquo;\u00e9cologie humaine int\u00e9grale, qui montrent les liens qui existent entre la destruction de la nature, les injustices \u00e9conomiques et sociales, et les conflits arm\u00e9s. Ces liens, multiples et complexes, se retrouvent [&hellip;]<\/p>\n","protected":false},"author":1,"featured_media":1000,"comment_status":"closed","ping_status":"open","sticky":false,"template":"","format":"standard","meta":{"footnotes":""},"categories":[10],"tags":[],"class_list":["post-999","post","type-post","status-publish","format-standard","has-post-thumbnail","hentry","category-actualites"],"_links":{"self":[{"href":"https:\/\/mirfrance.org\/MIR\/wp-json\/wp\/v2\/posts\/999","targetHints":{"allow":["GET"]}}],"collection":[{"href":"https:\/\/mirfrance.org\/MIR\/wp-json\/wp\/v2\/posts"}],"about":[{"href":"https:\/\/mirfrance.org\/MIR\/wp-json\/wp\/v2\/types\/post"}],"author":[{"embeddable":true,"href":"https:\/\/mirfrance.org\/MIR\/wp-json\/wp\/v2\/users\/1"}],"replies":[{"embeddable":true,"href":"https:\/\/mirfrance.org\/MIR\/wp-json\/wp\/v2\/comments?post=999"}],"version-history":[{"count":1,"href":"https:\/\/mirfrance.org\/MIR\/wp-json\/wp\/v2\/posts\/999\/revisions"}],"predecessor-version":[{"id":1002,"href":"https:\/\/mirfrance.org\/MIR\/wp-json\/wp\/v2\/posts\/999\/revisions\/1002"}],"wp:featuredmedia":[{"embeddable":true,"href":"https:\/\/mirfrance.org\/MIR\/wp-json\/wp\/v2\/media\/1000"}],"wp:attachment":[{"href":"https:\/\/mirfrance.org\/MIR\/wp-json\/wp\/v2\/media?parent=999"}],"wp:term":[{"taxonomy":"category","embeddable":true,"href":"https:\/\/mirfrance.org\/MIR\/wp-json\/wp\/v2\/categories?post=999"},{"taxonomy":"post_tag","embeddable":true,"href":"https:\/\/mirfrance.org\/MIR\/wp-json\/wp\/v2\/tags?post=999"}],"curies":[{"name":"wp","href":"https:\/\/api.w.org\/{rel}","templated":true}]}}